{"id":6895,"date":"2026-08-31T17:01:21","date_gmt":"2026-08-31T20:01:21","guid":{"rendered":"https:\/\/www.losolivos.edu.uy\/?p=6895"},"modified":"2026-08-31T17:01:22","modified_gmt":"2026-08-31T20:01:22","slug":"una-jornada-para-aprender-experimentar-y-compartir","status":"publish","type":"post","link":"https:\/\/www.losolivos.edu.uy\/?p=6895","title":{"rendered":"Una jornada para aprender, experimentar y compartir"},"content":{"rendered":"\n<p>Estudiantes de <strong>3.\u00ba y 4.\u00ba a\u00f1o del Colegio MTA<\/strong> llegaron a Los Olivos como parte de un proyecto que est\u00e1n llevando adelante.<\/p>\n\n\n\n<p>Junto a nuestras estudiantes de <strong>3.\u00ba EMS<\/strong>, realizaron una actividad pr\u00e1ctica en el laboratorio, preparando muestras y observando diferentes c\u00e9lulas a trav\u00e9s del microscopio.<\/p>\n\n\n\n<p>Una experiencia de <strong>intercambio y aprendizaje compartido<\/strong>. \ud83e\uddea<\/p>\n\n\n\n<p>\u260e\ufe0f 4554 6090<\/p>\n\n\n\n<p>\ud83d\udcf1 092 423 138<\/p>\n\n\n\n<p>\ud83c\udf10 <a href=\"http:\/\/www.losolivos.edu.uy\/?fbclid=IwZXh0bgNhZW0CMTAAAR0W03BJrDn2f8vrKwNynnK12Muq4z5DARcZo3WKWTH0r3QUYeKU9NXNOWE_aem_quh7JcK3IuUSf2r9socoNQ\">www.losolivos.edu.uy<\/a><\/p>\n\n\n\n<p>En Los Olivos, acompa\u00f1amos el presente de nuestros estudiantes para potenciar su futuro.<\/p>\n\n\n\n<figure class=\"wp-block-gallery has-nested-images columns-default is-cropped wp-block-gallery-1 is-layout-flex wp-block-gallery-is-layout-flex\">\n<figure class=\"wp-block-image\"><img decoding=\"async\" src=\"blob:https:\/\/www.losolivos.edu.uy\/9c20cbad-0aed-4371-9b7c-9b8760b34da8\" alt=\"\"\/><\/figure>\n\n\n\n<figure class=\"wp-block-image\"><img decoding=\"async\" src=\"blob:https:\/\/www.losolivos.edu.uy\/849f4776-642b-446a-896b-65484fec332e\" alt=\"\"\/><\/figure>\n\n\n\n<figure class=\"wp-block-image\"><img decoding=\"async\" src=\"blob:https:\/\/www.losolivos.edu.uy\/1c939581-a327-4c23-bbe0-15dd87b44c18\" alt=\"\"\/><\/figure>\n<\/figure>\n","protected":false},"excerpt":{"rendered":"<p>Estudiantes de 3.\u00ba y 4.\u00ba a\u00f1o del Colegio MTA llegaron a Los Olivos como parte de un proyecto que est\u00e1n llevando adelante. Junto a nuestras&#8230;<\/p>\n","protected":false},"author":3,"featured_media":6896,"comment_status":"closed","ping_status":"closed","sticky":false,"template":"","format":"aside","meta":{"_exactmetrics_skip_tracking":false,"_exactmetrics_sitenote_active":false,"_exactmetrics_sitenote_note":"","_exactmetrics_sitenote_category":0,"_themeisle_gutenberg_block_has_review":false,"footnotes":""},"categories":[713],"tags":[],"_links":{"self":[{"href":"https:\/\/www.losolivos.edu.uy\/index.php?rest_route=\/wp\/v2\/posts\/6895"}],"collection":[{"href":"https:\/\/www.losolivos.edu.uy\/index.php?rest_route=\/wp\/v2\/posts"}],"about":[{"href":"https:\/\/www.losolivos.edu.uy\/index.php?rest_route=\/wp\/v2\/types\/post"}],"author":[{"embeddable":true,"href":"https:\/\/www.losolivos.edu.uy\/index.php?rest_route=\/wp\/v2\/users\/3"}],"replies":[{"embeddable":true,"href":"https:\/\/www.losolivos.edu.uy\/index.php?rest_route=%2Fwp%2Fv2%2Fcomments&post=6895"}],"version-history":[{"count":1,"href":"https:\/\/www.losolivos.edu.uy\/index.php?rest_route=\/wp\/v2\/posts\/6895\/revisions"}],"predecessor-version":[{"id":6900,"href":"https:\/\/www.losolivos.edu.uy\/index.php?rest_route=\/wp\/v2\/posts\/6895\/revisions\/6900"}],"wp:featuredmedia":[{"embeddable":true,"href":"https:\/\/www.losolivos.edu.uy\/index.php?rest_route=\/wp\/v2\/media\/6896"}],"wp:attachment":[{"href":"https:\/\/www.losolivos.edu.uy\/index.php?rest_route=%2Fwp%2Fv2%2Fmedia&parent=6895"}],"wp:term":[{"taxonomy":"category","embeddable":true,"href":"https:\/\/www.losolivos.edu.uy\/index.php?rest_route=%2Fwp%2Fv2%2Fcategories&post=6895"},{"taxonomy":"post_tag","embeddable":true,"href":"https:\/\/www.losolivos.edu.uy\/index.php?rest_route=%2Fwp%2Fv2%2Ftags&post=6895"}],"curies":[{"name":"wp","href":"https:\/\/api.w.org\/{rel}","templated":true}]}}